{"id":619,"date":"2024-06-21T22:15:34","date_gmt":"2024-06-21T20:15:34","guid":{"rendered":"https:\/\/erasmus-goszczynski.nowotarski.edu.pl\/?p=619"},"modified":"2024-06-21T22:22:03","modified_gmt":"2024-06-21T20:22:03","slug":"projekt-erasmus-tafte-zostal-zakonczony","status":"publish","type":"post","link":"https:\/\/erasmus-goszczynski.nowotarski.edu.pl\/index.php\/2024\/06\/21\/projekt-erasmus-tafte-zostal-zakonczony\/","title":{"rendered":"Projekt Erasmus+ TAFTE zosta\u0142 zako\u0144czony!"},"content":{"rendered":"\n<p>W dniach 17-18 czerwca br. odby\u0142o si\u0119 w naszej szkole spotkanie nauczycieli ze szk\u00f3\u0142 partnerskich z Grecji i Francji. By\u0142 to czas intensywnej pracy nad przygotowaniem raportu ko\u0144cowego podsumowuj\u0105cego dwuletni\u0105 wsp\u00f3\u0142prac\u0119 skierowan\u0105 na przeciwdzia\u0142anie zmianom klimatycznym. Ponadto go\u015bcie poznali polski system edukacji oraz zwiedzili nasz\u0105 szko\u0142\u0119. Zaprezentowali\u015bmy tak\u017ce nasze ostatnie dzia\u0142ania, czyli za\u0142o\u017cenie \u0142\u0105ki kwiatowej i bior\u00f3\u017cnorodnego \u017cywop\u0142otu.<\/p>\n\n\n\n<p>Uczestniczyli\u015bmy w spotkaniu ze Wicestarost\u0105 Powiatu Nowotarskiego, Panem Robertem Furc\u0105, kt\u00f3ry podkre\u015bli\u0142 znaczenie udzia\u0142u szko\u0142y w realizacji projekt\u00f3w europejskich, a tak\u017ce wk\u0142ad &nbsp;w popraw\u0119 zachowa\u0144 ekologicznych. Pan Wojciech Krauzowicz, Naczelnik Wydzia\u0142u Ochrony \u015arodowiska i Zasob\u00f3w przybli\u017cy\u0142 zadania ww. jednostki, natomiast Pan Bart\u0142omiej Zi\u0119ba, doradca ds. klimatu nakre\u015bli\u0142 zadania realizowane w projekcie LIFE-IP EKOMA\u0141OPOLSKA Wdra\u017canie Regionalnego Planu Dzia\u0142a\u0144 dla Klimatu i Energii dla wojew\u00f3dztwa ma\u0142opolskiego. Pan Krzysztof Przyby\u0142a, le\u015bniczy Nadle\u015bnictwa Nowy Targ, wyja\u015bni\u0142 dlaczego wycinka w rezerwacie B\u00f3r na Czerwonym s\u0142u\u017cy \u015brodowisku. Jej celem jest ochrona unikatowego torfowiska, wpisanego na list\u0119 Ramsarsk\u0105.<\/p>\n\n\n\nngg_shortcode_0_placeholder\n\n\n\n<p>Niezwykle ciekawa by\u0142a prezentacja Pana Piotra Smosny nt. post\u0119puj\u0105cych zmian klimatycznych oraz plany wykorzystania naszej szkolnej stacji meteorologicznej w badaniach w tym zakresie.<\/p>\n\n\n\n<p>By\u0142y to dwa lata wyt\u0119\u017conej pracy, niezapomnianych wra\u017ce\u0144 i bezcennych do\u015bwiadcze\u0144. Czas rozwoju nowych kompetencji j\u0119zykowych, cyfrowych, spo\u0142ecznych, kulturowych, czas nawi\u0105zania nowych znajomo\u015bci i przyja\u017ani. Okno na \u015bwiat jest otwarte na o\u015bcie\u017c w naszej szkole!<\/p>\n","protected":false},"excerpt":{"rendered":"<p>W dniach 17-18 czerwca br. odby\u0142o si\u0119 w naszej szkole spotkanie nauczycieli ze szk\u00f3\u0142 partnerskich z Grecji i Francji. By\u0142 to czas intensywnej pracy nad przygotowaniem raportu ko\u0144cowego podsumowuj\u0105cego dwuletni\u0105 wsp\u00f3\u0142prac\u0119 skierowan\u0105 na przeciwdzia\u0142anie zmianom klimatycznym. Ponadto go\u015bcie poznali polski system edukacji oraz zwiedzili nasz\u0105 szko\u0142\u0119. Zaprezentowali\u015bmy tak\u017ce nasze ostatnie dzia\u0142ania, czyli za\u0142o\u017cenie \u0142\u0105ki kwiatowej i bior\u00f3\u017cnorodnego \u017cywop\u0142otu.<\/p>\n","protected":false},"author":2,"featured_media":633,"comment_status":"closed","ping_status":"closed","sticky":false,"template":"","format":"standard","meta":{"ngg_post_thumbnail":218,"footnotes":""},"categories":[26],"tags":[],"class_list":["post-619","post","type-post","status-publish","format-standard","has-post-thumbnail","hentry","category-aktualnosci"],"_links":{"self":[{"href":"https:\/\/erasmus-goszczynski.nowotarski.edu.pl\/index.php\/wp-json\/wp\/v2\/posts\/619","targetHints":{"allow":["GET"]}}],"collection":[{"href":"https:\/\/erasmus-goszczynski.nowotarski.edu.pl\/index.php\/wp-json\/wp\/v2\/posts"}],"about":[{"href":"https:\/\/erasmus-goszczynski.nowotarski.edu.pl\/index.php\/wp-json\/wp\/v2\/types\/post"}],"author":[{"embeddable":true,"href":"https:\/\/erasmus-goszczynski.nowotarski.edu.pl\/index.php\/wp-json\/wp\/v2\/users\/2"}],"replies":[{"embeddable":true,"href":"https:\/\/erasmus-goszczynski.nowotarski.edu.pl\/index.php\/wp-json\/wp\/v2\/comments?post=619"}],"version-history":[{"count":2,"href":"https:\/\/erasmus-goszczynski.nowotarski.edu.pl\/index.php\/wp-json\/wp\/v2\/posts\/619\/revisions"}],"predecessor-version":[{"id":634,"href":"https:\/\/erasmus-goszczynski.nowotarski.edu.pl\/index.php\/wp-json\/wp\/v2\/posts\/619\/revisions\/634"}],"wp:featuredmedia":[{"embeddable":true,"href":"https:\/\/erasmus-goszczynski.nowotarski.edu.pl\/index.php\/wp-json\/wp\/v2\/media\/633"}],"wp:attachment":[{"href":"https:\/\/erasmus-goszczynski.nowotarski.edu.pl\/index.php\/wp-json\/wp\/v2\/media?parent=619"}],"wp:term":[{"taxonomy":"category","embeddable":true,"href":"https:\/\/erasmus-goszczynski.nowotarski.edu.pl\/index.php\/wp-json\/wp\/v2\/categories?post=619"},{"taxonomy":"post_tag","embeddable":true,"href":"https:\/\/erasmus-goszczynski.nowotarski.edu.pl\/index.php\/wp-json\/wp\/v2\/tags?post=619"}],"curies":[{"name":"wp","href":"https:\/\/api.w.org\/{rel}","templated":true}]}}